{"id":923,"date":"2019-03-30T10:12:42","date_gmt":"2019-03-30T09:12:42","guid":{"rendered":"http:\/\/losdelanoche.fr\/?p=923"},"modified":"2024-11-11T11:18:35","modified_gmt":"2024-11-11T10:18:35","slug":"27-avril-duo-estrella-nelito-salle-villeret-baisieux","status":"publish","type":"post","link":"https:\/\/losdelanoche.fr\/index.php\/2019\/03\/30\/27-avril-duo-estrella-nelito-salle-villeret-baisieux\/","title":{"rendered":"27 AVRIL : DUO ESTRELLA &#038; NELITO &#8211; SALLE VILLERET BAISIEUX"},"content":{"rendered":"<p>La clase de Espa\u00f1ol de l&rsquo;association BAISIEUX LINGUISTIQUE Organise son deuxi\u00e8me \u00e9v\u00e9nement VIVA ESPA\u00d1A<\/p>\n<p>Retrouvez une riche programmation et LOS DE LA NOCHE en Duo (Estrella La Peli de Linares \u00e0 la Danse et David Vasco Nelito, chant guitare) partageront la sc\u00e8ne avec le groupe RUMBA LATINA.<\/p>\n<p>Infos et resas : rodriguez.marie1@bbox.fr ou 06 61 21 54 20<\/p>\n<div id=\"attachment_924\" style=\"width: 689px\" class=\"wp-caption aligncenter\"><img loading=\"lazy\" decoding=\"async\" aria-describedby=\"caption-attachment-924\" class=\"size-full wp-image-924\" src=\"http:\/\/losdelanoche.fr\/wp-content\/uploads\/2019\/03\/BAISIEUX-FLAMENCO-LOS-DE-LA-NOCHE-NORD.jpg\" alt=\"BAISIEUX FLAMENCO LOS DE LA NOCHE NORD\" width=\"679\" height=\"960\" srcset=\"https:\/\/losdelanoche.fr\/wp-content\/uploads\/2019\/03\/BAISIEUX-FLAMENCO-LOS-DE-LA-NOCHE-NORD.jpg 679w, https:\/\/losdelanoche.fr\/wp-content\/uploads\/2019\/03\/BAISIEUX-FLAMENCO-LOS-DE-LA-NOCHE-NORD-212x300.jpg 212w\" sizes=\"(max-width: 679px) 100vw, 679px\" \/><p id=\"caption-attachment-924\" class=\"wp-caption-text\">BAISIEUX FLAMENCO LOS DE LA NOCHE NORD<\/p><\/div>\n","protected":false},"excerpt":{"rendered":"<p>La clase de Espa\u00f1ol de l&rsquo;association BAISIEUX LINGUISTIQUE Organise son deuxi\u00e8me \u00e9v\u00e9nement VIVA ESPA\u00d1A Retrouvez une riche programmation et LOS DE LA NOCHE en Duo (Estrella La Peli de Linares \u00e0 la Danse et David Vasco Nelito, chant guitare) partageront la sc\u00e8ne avec le groupe RUMBA LATINA. Infos et resas [&hellip;]<\/p>\n","protected":false},"author":1,"featured_media":0,"comment_status":"closed","ping_status":"closed","sticky":false,"template":"","format":"standard","meta":{"ngg_post_thumbnail":0,"footnotes":""},"categories":[4],"tags":[162,161,160,159,36,5,6],"_links":{"self":[{"href":"https:\/\/losdelanoche.fr\/index.php\/wp-json\/wp\/v2\/posts\/923"}],"collection":[{"href":"https:\/\/losdelanoche.fr\/index.php\/wp-json\/wp\/v2\/posts"}],"about":[{"href":"https:\/\/losdelanoche.fr\/index.php\/wp-json\/wp\/v2\/types\/post"}],"author":[{"embeddable":true,"href":"https:\/\/losdelanoche.fr\/index.php\/wp-json\/wp\/v2\/users\/1"}],"replies":[{"embeddable":true,"href":"https:\/\/losdelanoche.fr\/index.php\/wp-json\/wp\/v2\/comments?post=923"}],"version-history":[{"count":1,"href":"https:\/\/losdelanoche.fr\/index.php\/wp-json\/wp\/v2\/posts\/923\/revisions"}],"predecessor-version":[{"id":925,"href":"https:\/\/losdelanoche.fr\/index.php\/wp-json\/wp\/v2\/posts\/923\/revisions\/925"}],"wp:attachment":[{"href":"https:\/\/losdelanoche.fr\/index.php\/wp-json\/wp\/v2\/media?parent=923"}],"wp:term":[{"taxonomy":"category","embeddable":true,"href":"https:\/\/losdelanoche.fr\/index.php\/wp-json\/wp\/v2\/categories?post=923"},{"taxonomy":"post_tag","embeddable":true,"href":"https:\/\/losdelanoche.fr\/index.php\/wp-json\/wp\/v2\/tags?post=923"}],"curies":[{"name":"wp","href":"https:\/\/api.w.org\/{rel}","templated":true}]}}