{"id":916,"date":"2019-03-30T09:47:08","date_gmt":"2019-03-30T08:47:08","guid":{"rendered":"http:\/\/losdelanoche.fr\/?p=916"},"modified":"2024-11-11T11:16:47","modified_gmt":"2024-11-11T10:16:47","slug":"31-mars-16h-sirene-de-bruges-seclin","status":"publish","type":"post","link":"https:\/\/losdelanoche.fr\/index.php\/2019\/03\/30\/31-mars-16h-sirene-de-bruges-seclin\/","title":{"rendered":"31 MARS 16h : LA SIR\u00c8NE DE BRUGES &#8211; SECLIN"},"content":{"rendered":"<p>Un spectacle \u00c9poustouflant dans lequel Estrella La Peli de Linares, grande Danseuse Flamenco de Lille, une r\u00e9f\u00e9rence dans la r\u00e9gion des Hauts de France nous d\u00e9voilera son art \u00e0 travers une fusion musicale \u00e9tonnante !<\/p>\n<p>R\u00e9servez-vite vos places !<\/p>\n<div id=\"attachment_917\" style=\"width: 481px\" class=\"wp-caption aligncenter\"><img loading=\"lazy\" decoding=\"async\" aria-describedby=\"caption-attachment-917\" class=\"size-full wp-image-917\" src=\"http:\/\/losdelanoche.fr\/wp-content\/uploads\/2019\/03\/spectacle-la-sir\u00e8ne-de-bruges-lille-seclin-flamenco-estrella-la-peli-de-linares.jpg\" alt=\"spectacle la sir\u00e8ne de bruges lille seclin flamenco estrella la peli de linares\" width=\"471\" height=\"678\" srcset=\"https:\/\/losdelanoche.fr\/wp-content\/uploads\/2019\/03\/spectacle-la-sir\u00e8ne-de-bruges-lille-seclin-flamenco-estrella-la-peli-de-linares.jpg 471w, https:\/\/losdelanoche.fr\/wp-content\/uploads\/2019\/03\/spectacle-la-sir\u00e8ne-de-bruges-lille-seclin-flamenco-estrella-la-peli-de-linares-208x300.jpg 208w\" sizes=\"(max-width: 471px) 100vw, 471px\" \/><p id=\"caption-attachment-917\" class=\"wp-caption-text\">spectacle la sir\u00e8ne de bruges lille seclin flamenco estrella la peli de linares<\/p><\/div>\n","protected":false},"excerpt":{"rendered":"<p>Un spectacle \u00c9poustouflant dans lequel Estrella La Peli de Linares, grande Danseuse Flamenco de Lille, une r\u00e9f\u00e9rence dans la r\u00e9gion des Hauts de France nous d\u00e9voilera son art \u00e0 travers une fusion musicale \u00e9tonnante ! R\u00e9servez-vite vos places !<\/p>\n","protected":false},"author":1,"featured_media":0,"comment_status":"closed","ping_status":"closed","sticky":false,"template":"","format":"standard","meta":{"ngg_post_thumbnail":0,"footnotes":""},"categories":[4],"tags":[139,140,142,118,48,36,41,5,141,133,26,55,116],"_links":{"self":[{"href":"https:\/\/losdelanoche.fr\/index.php\/wp-json\/wp\/v2\/posts\/916"}],"collection":[{"href":"https:\/\/losdelanoche.fr\/index.php\/wp-json\/wp\/v2\/posts"}],"about":[{"href":"https:\/\/losdelanoche.fr\/index.php\/wp-json\/wp\/v2\/types\/post"}],"author":[{"embeddable":true,"href":"https:\/\/losdelanoche.fr\/index.php\/wp-json\/wp\/v2\/users\/1"}],"replies":[{"embeddable":true,"href":"https:\/\/losdelanoche.fr\/index.php\/wp-json\/wp\/v2\/comments?post=916"}],"version-history":[{"count":1,"href":"https:\/\/losdelanoche.fr\/index.php\/wp-json\/wp\/v2\/posts\/916\/revisions"}],"predecessor-version":[{"id":918,"href":"https:\/\/losdelanoche.fr\/index.php\/wp-json\/wp\/v2\/posts\/916\/revisions\/918"}],"wp:attachment":[{"href":"https:\/\/losdelanoche.fr\/index.php\/wp-json\/wp\/v2\/media?parent=916"}],"wp:term":[{"taxonomy":"category","embeddable":true,"href":"https:\/\/losdelanoche.fr\/index.php\/wp-json\/wp\/v2\/categories?post=916"},{"taxonomy":"post_tag","embeddable":true,"href":"https:\/\/losdelanoche.fr\/index.php\/wp-json\/wp\/v2\/tags?post=916"}],"curies":[{"name":"wp","href":"https:\/\/api.w.org\/{rel}","templated":true}]}}