{"id":5493,"date":"2023-04-24T15:14:00","date_gmt":"2023-04-24T13:14:00","guid":{"rendered":"http:\/\/losdelanoche.fr\/?p=5493"},"modified":"2023-05-04T15:19:55","modified_gmt":"2023-05-04T13:19:55","slug":"los-de-la-noche-trio-soisy-sous-montmorency-13-mai-2023","status":"publish","type":"post","link":"https:\/\/losdelanoche.fr\/index.php\/2023\/04\/24\/los-de-la-noche-trio-soisy-sous-montmorency-13-mai-2023\/","title":{"rendered":"LOS DE LA NOCHE TRIO SOISY SOUS MONTMORENCY 13 MAI 2023"},"content":{"rendered":"\n<h2 class=\"wp-block-heading\">FLAMENCO GYPSY VAL D&rsquo;OISE 95 PARIS<\/h2>\n\n\n\n<p>Retrouvez les Artistes de la compagnie LOS DE LA NOCHE en formule TRIO avec la pr\u00e9sence d&rsquo;Estrella La Peli de Linares, lors d&rsquo;une soir\u00e9e FLAMENCO organis\u00e9e par LOISIRS &amp; CULTURE en partenariat avec la ville de SOISY SOUS MONTMORENCY<\/p>\n\n\n\n<figure class=\"wp-block-image size-large is-resized\"><img loading=\"lazy\" decoding=\"async\" src=\"http:\/\/losdelanoche.fr\/wp-content\/uploads\/2023\/05\/23-05-13-AFFICHE-SOIREE-FLAMENCO-LOISIRS-CULTURE-SOISY-SOUS-MONTMORENCY-768x1024.jpg\" alt=\"\" class=\"wp-image-5494\" width=\"594\" height=\"791\" srcset=\"https:\/\/losdelanoche.fr\/wp-content\/uploads\/2023\/05\/23-05-13-AFFICHE-SOIREE-FLAMENCO-LOISIRS-CULTURE-SOISY-SOUS-MONTMORENCY-768x1024.jpg 768w, https:\/\/losdelanoche.fr\/wp-content\/uploads\/2023\/05\/23-05-13-AFFICHE-SOIREE-FLAMENCO-LOISIRS-CULTURE-SOISY-SOUS-MONTMORENCY-225x300.jpg 225w, https:\/\/losdelanoche.fr\/wp-content\/uploads\/2023\/05\/23-05-13-AFFICHE-SOIREE-FLAMENCO-LOISIRS-CULTURE-SOISY-SOUS-MONTMORENCY-1152x1536.jpg 1152w, https:\/\/losdelanoche.fr\/wp-content\/uploads\/2023\/05\/23-05-13-AFFICHE-SOIREE-FLAMENCO-LOISIRS-CULTURE-SOISY-SOUS-MONTMORENCY-1536x2048.jpg 1536w, https:\/\/losdelanoche.fr\/wp-content\/uploads\/2023\/05\/23-05-13-AFFICHE-SOIREE-FLAMENCO-LOISIRS-CULTURE-SOISY-SOUS-MONTMORENCY-scaled.jpg 1920w\" sizes=\"(max-width: 594px) 100vw, 594px\" \/><figcaption>FLAMENCO PARIS VAL D&rsquo;OISE FRANCE LOS DE LA NOCHE ESTRELLA LA PELI<\/figcaption><\/figure>\n\n\n\n<p>Infos R\u00e9servations : LOISIRS &amp; CULTURE t\u00e9l : 0139893792 \/ contact@loisirs-et-culture.com<\/p>\n\n\n\n<p>#flamencoparis #flamencovaldoise #flamencofrance #gipsyparis #gipsyfrance #gipsyvaldoise<\/p>\n\n\n\n<p><\/p>\n","protected":false},"excerpt":{"rendered":"<p>FLAMENCO GYPSY VAL D&rsquo;OISE 95 PARIS Retrouvez les Artistes de la compagnie LOS DE LA NOCHE en formule TRIO avec la pr\u00e9sence d&rsquo;Estrella La Peli de Linares, lors d&rsquo;une soir\u00e9e FLAMENCO organis\u00e9e par LOISIRS &amp; CULTURE en partenariat avec la ville de SOISY SOUS MONTMORENCY Infos R\u00e9servations : LOISIRS &amp; [&hellip;]<\/p>\n","protected":false},"author":1,"featured_media":5494,"comment_status":"closed","ping_status":"closed","sticky":false,"template":"","format":"standard","meta":{"ngg_post_thumbnail":0,"footnotes":""},"categories":[4],"tags":[11,33,133,388,387,392,391,100,389,390,169],"_links":{"self":[{"href":"https:\/\/losdelanoche.fr\/index.php\/wp-json\/wp\/v2\/posts\/5493"}],"collection":[{"href":"https:\/\/losdelanoche.fr\/index.php\/wp-json\/wp\/v2\/posts"}],"about":[{"href":"https:\/\/losdelanoche.fr\/index.php\/wp-json\/wp\/v2\/types\/post"}],"author":[{"embeddable":true,"href":"https:\/\/losdelanoche.fr\/index.php\/wp-json\/wp\/v2\/users\/1"}],"replies":[{"embeddable":true,"href":"https:\/\/losdelanoche.fr\/index.php\/wp-json\/wp\/v2\/comments?post=5493"}],"version-history":[{"count":1,"href":"https:\/\/losdelanoche.fr\/index.php\/wp-json\/wp\/v2\/posts\/5493\/revisions"}],"predecessor-version":[{"id":5495,"href":"https:\/\/losdelanoche.fr\/index.php\/wp-json\/wp\/v2\/posts\/5493\/revisions\/5495"}],"wp:featuredmedia":[{"embeddable":true,"href":"https:\/\/losdelanoche.fr\/index.php\/wp-json\/wp\/v2\/media\/5494"}],"wp:attachment":[{"href":"https:\/\/losdelanoche.fr\/index.php\/wp-json\/wp\/v2\/media?parent=5493"}],"wp:term":[{"taxonomy":"category","embeddable":true,"href":"https:\/\/losdelanoche.fr\/index.php\/wp-json\/wp\/v2\/categories?post=5493"},{"taxonomy":"post_tag","embeddable":true,"href":"https:\/\/losdelanoche.fr\/index.php\/wp-json\/wp\/v2\/tags?post=5493"}],"curies":[{"name":"wp","href":"https:\/\/api.w.org\/{rel}","templated":true}]}}