{"id":5480,"date":"2023-03-10T11:59:00","date_gmt":"2023-03-10T10:59:00","guid":{"rendered":"http:\/\/losdelanoche.fr\/?p=5480"},"modified":"2023-05-04T12:14:34","modified_gmt":"2023-05-04T10:14:34","slug":"estrella-la-peli-los-nocheros-lille-cafe-mola-10-mars-2023","status":"publish","type":"post","link":"https:\/\/losdelanoche.fr\/index.php\/2023\/03\/10\/estrella-la-peli-los-nocheros-lille-cafe-mola-10-mars-2023\/","title":{"rendered":"ESTRELLA LA PELI &#038; LOS NOCHEROS LILLE CAF\u00c9 MOLA 10 Mars 2023"},"content":{"rendered":"\n<h2 class=\"wp-block-heading\">FLAMENCO GYPSY LILLE VIEUX LILLE LOS DE LA NOCHE CAF\u00c9 MOLA<\/h2>\n\n\n\n<figure class=\"wp-block-image size-large\"><img loading=\"lazy\" decoding=\"async\" width=\"1024\" height=\"682\" src=\"http:\/\/losdelanoche.fr\/wp-content\/uploads\/2023\/05\/23-03-10-ESTRELLA-LA-PELI-LOS-NOCHEROS-CAFE-MOLA-1024x682.jpg\" alt=\"\" class=\"wp-image-5481\" srcset=\"https:\/\/losdelanoche.fr\/wp-content\/uploads\/2023\/05\/23-03-10-ESTRELLA-LA-PELI-LOS-NOCHEROS-CAFE-MOLA-1024x682.jpg 1024w, https:\/\/losdelanoche.fr\/wp-content\/uploads\/2023\/05\/23-03-10-ESTRELLA-LA-PELI-LOS-NOCHEROS-CAFE-MOLA-300x200.jpg 300w, https:\/\/losdelanoche.fr\/wp-content\/uploads\/2023\/05\/23-03-10-ESTRELLA-LA-PELI-LOS-NOCHEROS-CAFE-MOLA-768x511.jpg 768w, https:\/\/losdelanoche.fr\/wp-content\/uploads\/2023\/05\/23-03-10-ESTRELLA-LA-PELI-LOS-NOCHEROS-CAFE-MOLA-800x534.jpg 800w, https:\/\/losdelanoche.fr\/wp-content\/uploads\/2023\/05\/23-03-10-ESTRELLA-LA-PELI-LOS-NOCHEROS-CAFE-MOLA-540x360.jpg 540w, https:\/\/losdelanoche.fr\/wp-content\/uploads\/2023\/05\/23-03-10-ESTRELLA-LA-PELI-LOS-NOCHEROS-CAFE-MOLA.jpg 1386w\" sizes=\"(max-width: 1024px) 100vw, 1024px\" \/><figcaption>FLAMENCO GYPSY LILLE LOS DE LA NOCHE ESTRELLA LA PELI <\/figcaption><\/figure>\n\n\n\n<p>La compagnie <a href=\"http:\/\/losdelanoche.fr\" data-type=\"URL\" data-id=\"http:\/\/losdelanoche.fr\">LOS DE LA NOCHE<\/a>, repr\u00e9sentante des Cultures du Soleil dans les Hauts de France depuis 20 ans, Espagne, Am\u00e9rique Latine, Flamenco, Gypsy, Italie, Br\u00e9sil, Arabo-Andalou, Cuba &#8230;. est bien connue pour s&rsquo;adapter aux grandes sc\u00e8nes r\u00e9gionales mais aussi aux spectacles de Proximit\u00e9. Dans le cadre de sa programmation saisonni\u00e8re, le Bar-Tapas <a href=\"https:\/\/cafemola.fr\/\" data-type=\"URL\" data-id=\"https:\/\/cafemola.fr\/\">CAF\u00c9 MOLA<\/a> du Vieux Lille propose un \u00e9v\u00e9nement de taille pour son anniversaire.<\/p>\n\n\n\n<figure class=\"wp-block-image size-large\"><img loading=\"lazy\" decoding=\"async\" width=\"1024\" height=\"473\" src=\"http:\/\/losdelanoche.fr\/wp-content\/uploads\/2023\/05\/20230128_220718-1024x473.jpg\" alt=\"\" class=\"wp-image-5482\" srcset=\"https:\/\/losdelanoche.fr\/wp-content\/uploads\/2023\/05\/20230128_220718-1024x473.jpg 1024w, https:\/\/losdelanoche.fr\/wp-content\/uploads\/2023\/05\/20230128_220718-300x139.jpg 300w, https:\/\/losdelanoche.fr\/wp-content\/uploads\/2023\/05\/20230128_220718-768x355.jpg 768w, https:\/\/losdelanoche.fr\/wp-content\/uploads\/2023\/05\/20230128_220718-1536x710.jpg 1536w, https:\/\/losdelanoche.fr\/wp-content\/uploads\/2023\/05\/20230128_220718-2048x946.jpg 2048w\" sizes=\"(max-width: 1024px) 100vw, 1024px\" \/><figcaption> Flamenco Gypsy Lille Nord pas de Calais Groupe Los de La Noche losdelanoche.fr<\/figcaption><\/figure>\n\n\n\n<p>Retrouvez 4 Nocheros (<a href=\"https:\/\/www.facebook.com\/people\/David-Vasco-Nelito-Oficial\/100042369793985\/\">Nelito<\/a>,  Lorenzo, Yannis La, David Laisn\u00e9) et la talentueuse <a href=\"http:\/\/losdelanoche.fr\" data-type=\"URL\" data-id=\"http:\/\/losdelanoche.fr\">Estrella La Peli de Linares<\/a> pour un concert Flamenco Gypsy dans le Vieux Lille Rue St-Andr\u00e9. Ici se habla castellano, bailamos Flamencos, Andamos de Fiesta Juntos !!!<\/p>\n\n\n\n<p>INFOS RESERVATIONS : CAFE MOLA : <a href=\"https:\/\/cafemola.fr\/\">https:\/\/cafemola.fr\/<\/a><\/p>\n\n\n\n<p>11 Rue Saint-Andr\u00e959800 LilleFrance \/ 09 80 74 91 60<\/p>\n\n\n\n<p>#FlamencoLille #FlamencoNord #FlamencoHautsdeFrance #FlamencoFrance #GypsyLille #GypsyNord<\/p>\n","protected":false},"excerpt":{"rendered":"<p>FLAMENCO GYPSY LILLE VIEUX LILLE LOS DE LA NOCHE CAF\u00c9 MOLA La compagnie LOS DE LA NOCHE, repr\u00e9sentante des Cultures du Soleil dans les Hauts de France depuis 20 ans, Espagne, Am\u00e9rique Latine, Flamenco, Gypsy, Italie, Br\u00e9sil, Arabo-Andalou, Cuba &#8230;. est bien connue pour s&rsquo;adapter aux grandes sc\u00e8nes r\u00e9gionales mais [&hellip;]<\/p>\n","protected":false},"author":1,"featured_media":5482,"comment_status":"closed","ping_status":"closed","sticky":false,"template":"","format":"standard","meta":{"ngg_post_thumbnail":0,"footnotes":""},"categories":[4],"tags":[139,276,87,33,5,6,265,370,369,88,368,9,10],"_links":{"self":[{"href":"https:\/\/losdelanoche.fr\/index.php\/wp-json\/wp\/v2\/posts\/5480"}],"collection":[{"href":"https:\/\/losdelanoche.fr\/index.php\/wp-json\/wp\/v2\/posts"}],"about":[{"href":"https:\/\/losdelanoche.fr\/index.php\/wp-json\/wp\/v2\/types\/post"}],"author":[{"embeddable":true,"href":"https:\/\/losdelanoche.fr\/index.php\/wp-json\/wp\/v2\/users\/1"}],"replies":[{"embeddable":true,"href":"https:\/\/losdelanoche.fr\/index.php\/wp-json\/wp\/v2\/comments?post=5480"}],"version-history":[{"count":1,"href":"https:\/\/losdelanoche.fr\/index.php\/wp-json\/wp\/v2\/posts\/5480\/revisions"}],"predecessor-version":[{"id":5483,"href":"https:\/\/losdelanoche.fr\/index.php\/wp-json\/wp\/v2\/posts\/5480\/revisions\/5483"}],"wp:featuredmedia":[{"embeddable":true,"href":"https:\/\/losdelanoche.fr\/index.php\/wp-json\/wp\/v2\/media\/5482"}],"wp:attachment":[{"href":"https:\/\/losdelanoche.fr\/index.php\/wp-json\/wp\/v2\/media?parent=5480"}],"wp:term":[{"taxonomy":"category","embeddable":true,"href":"https:\/\/losdelanoche.fr\/index.php\/wp-json\/wp\/v2\/categories?post=5480"},{"taxonomy":"post_tag","embeddable":true,"href":"https:\/\/losdelanoche.fr\/index.php\/wp-json\/wp\/v2\/tags?post=5480"}],"curies":[{"name":"wp","href":"https:\/\/api.w.org\/{rel}","templated":true}]}}