{"id":5330,"date":"2021-05-16T13:19:39","date_gmt":"2021-05-16T11:19:39","guid":{"rendered":"http:\/\/losdelanoche.fr\/?p=5330"},"modified":"2024-11-11T11:23:39","modified_gmt":"2024-11-11T10:23:39","slug":"seguir-bailando-manifestation-1er-mai-theatre-sebastopol-lille-participation-estrella-peli-nelito","status":"publish","type":"post","link":"https:\/\/losdelanoche.fr\/index.php\/2021\/05\/16\/seguir-bailando-manifestation-1er-mai-theatre-sebastopol-lille-participation-estrella-peli-nelito\/","title":{"rendered":"SEGUIR BAILANDO Manifestation 1er Mai Th\u00e9\u00e2tre S\u00e9bastopol Lille avec la participation Estrella La Peli &#038; Nelito"},"content":{"rendered":"<p><iframe loading=\"lazy\" title=\"Seguir bailando - Flashmob des Occupants du Sebasto - 1er mai 2021\" width=\"750\" height=\"422\" src=\"https:\/\/www.youtube.com\/embed\/PKaomoaBQ18?feature=oembed\" frameborder=\"0\" allow=\"accelerometer; autoplay; clipboard-write; encrypted-media; gyroscope; picture-in-picture\" allowfullscreen><\/iframe><\/p>\n<p><em><strong>SEGUIR BAILANDO<\/strong><br \/>\n<\/em><\/p>\n<p><strong>FLASHMOB du 1er Mai 2021<\/strong> organis\u00e9 dans le cadre de l&rsquo;occupation du Th\u00e9\u00e2tre S\u00e9bastopol de Lille, participation du Choeur du S\u00e9bastopol, des nombreux amis artistes, musiciens, Danseurs Lillois.<\/p>\n<p>#flamencolille #gypsylille #flamencohautsdefrance #danserencorelille<\/p>\n","protected":false},"excerpt":{"rendered":"<p>SEGUIR BAILANDO FLASHMOB du 1er Mai 2021 organis\u00e9 dans le cadre de l&rsquo;occupation du Th\u00e9\u00e2tre S\u00e9bastopol de Lille, participation du Choeur du S\u00e9bastopol, des nombreux amis artistes, musiciens, Danseurs Lillois. #flamencolille #gypsylille #flamencohautsdefrance #danserencorelille<\/p>\n","protected":false},"author":1,"featured_media":5333,"comment_status":"closed","ping_status":"closed","sticky":false,"template":"","format":"standard","meta":{"ngg_post_thumbnail":0,"footnotes":""},"categories":[4],"tags":[277,140,280,87,278,41,5,115,279,282,9,281,284,223,283],"_links":{"self":[{"href":"https:\/\/losdelanoche.fr\/index.php\/wp-json\/wp\/v2\/posts\/5330"}],"collection":[{"href":"https:\/\/losdelanoche.fr\/index.php\/wp-json\/wp\/v2\/posts"}],"about":[{"href":"https:\/\/losdelanoche.fr\/index.php\/wp-json\/wp\/v2\/types\/post"}],"author":[{"embeddable":true,"href":"https:\/\/losdelanoche.fr\/index.php\/wp-json\/wp\/v2\/users\/1"}],"replies":[{"embeddable":true,"href":"https:\/\/losdelanoche.fr\/index.php\/wp-json\/wp\/v2\/comments?post=5330"}],"version-history":[{"count":7,"href":"https:\/\/losdelanoche.fr\/index.php\/wp-json\/wp\/v2\/posts\/5330\/revisions"}],"predecessor-version":[{"id":5359,"href":"https:\/\/losdelanoche.fr\/index.php\/wp-json\/wp\/v2\/posts\/5330\/revisions\/5359"}],"wp:featuredmedia":[{"embeddable":true,"href":"https:\/\/losdelanoche.fr\/index.php\/wp-json\/wp\/v2\/media\/5333"}],"wp:attachment":[{"href":"https:\/\/losdelanoche.fr\/index.php\/wp-json\/wp\/v2\/media?parent=5330"}],"wp:term":[{"taxonomy":"category","embeddable":true,"href":"https:\/\/losdelanoche.fr\/index.php\/wp-json\/wp\/v2\/categories?post=5330"},{"taxonomy":"post_tag","embeddable":true,"href":"https:\/\/losdelanoche.fr\/index.php\/wp-json\/wp\/v2\/tags?post=5330"}],"curies":[{"name":"wp","href":"https:\/\/api.w.org\/{rel}","templated":true}]}}