{"id":310,"date":"2018-05-26T10:39:50","date_gmt":"2018-05-26T08:39:50","guid":{"rendered":"http:\/\/losdelanoche.fr\/?p=310"},"modified":"2024-11-11T11:21:08","modified_gmt":"2024-11-11T10:21:08","slug":"13-octobre-2018-16h-tango-vivo-tango-argentin-theatre-de-montreuil-sur-mer-62","status":"publish","type":"post","link":"https:\/\/losdelanoche.fr\/index.php\/2018\/05\/26\/13-octobre-2018-16h-tango-vivo-tango-argentin-theatre-de-montreuil-sur-mer-62\/","title":{"rendered":"13 OCTOBRE 2018 &#8211; 16h : TANGO VIVO &#8211; Tango Argentin &#8211; Th\u00e9atre de Montreuil sur Mer 62"},"content":{"rendered":"<p>Un nouveau Projet In\u00e9dit port\u00e9 par David Vasco Nelito : au programme 5 musiciens et 3 couples de danseurs de Tango Argentin en direct<\/p>\n<p>De Gardel \u00e0 nos jours en passant par Piazzolla et Gotan Project .. un v\u00e9ritable plaisir pour nos oreilles et nos yeux&nbsp;<\/p>\n<p>organis\u00e9 par la grande association La vie Culturelle du Montreuillois au th\u00e9atre de Montreuil sur Mer<\/p>\n<div id=\"attachment_305\" style=\"width: 760px\" class=\"wp-caption aligncenter\"><img loading=\"lazy\" decoding=\"async\" aria-describedby=\"caption-attachment-305\" class=\"size-large wp-image-305\" src=\"http:\/\/losdelanoche.fr\/wp-content\/uploads\/2018\/05\/Tango-Vivo-danseurs-830x1024.jpg\" alt=\"tango argentin lille nord pas de calais picardie hauts de france spectacle\" width=\"750\" height=\"925\" srcset=\"https:\/\/losdelanoche.fr\/wp-content\/uploads\/2018\/05\/Tango-Vivo-danseurs-830x1024.jpg 830w, https:\/\/losdelanoche.fr\/wp-content\/uploads\/2018\/05\/Tango-Vivo-danseurs-243x300.jpg 243w, https:\/\/losdelanoche.fr\/wp-content\/uploads\/2018\/05\/Tango-Vivo-danseurs-768x947.jpg 768w\" sizes=\"(max-width: 750px) 100vw, 750px\" \/><p id=\"caption-attachment-305\" class=\"wp-caption-text\">tango argentin lille nord pas de calais picardie hauts de france spectacle<\/p><\/div>\n<p>Infos :&nbsp;http:\/\/www.vieculturelledumontreuillois.com\/<\/p>\n","protected":false},"excerpt":{"rendered":"<p>Un nouveau Projet In\u00e9dit port\u00e9 par David Vasco Nelito : au programme 5 musiciens et 3 couples de danseurs de Tango Argentin en direct De Gardel \u00e0 nos jours en passant par Piazzolla et Gotan Project .. un v\u00e9ritable plaisir pour nos oreilles et nos yeux&nbsp; organis\u00e9 par la grande [&hellip;]<\/p>\n","protected":false},"author":1,"featured_media":0,"comment_status":"closed","ping_status":"closed","sticky":false,"template":"","format":"standard","meta":{"ngg_post_thumbnail":0,"footnotes":""},"categories":[4],"tags":[71,70,73,74,64,72],"_links":{"self":[{"href":"https:\/\/losdelanoche.fr\/index.php\/wp-json\/wp\/v2\/posts\/310"}],"collection":[{"href":"https:\/\/losdelanoche.fr\/index.php\/wp-json\/wp\/v2\/posts"}],"about":[{"href":"https:\/\/losdelanoche.fr\/index.php\/wp-json\/wp\/v2\/types\/post"}],"author":[{"embeddable":true,"href":"https:\/\/losdelanoche.fr\/index.php\/wp-json\/wp\/v2\/users\/1"}],"replies":[{"embeddable":true,"href":"https:\/\/losdelanoche.fr\/index.php\/wp-json\/wp\/v2\/comments?post=310"}],"version-history":[{"count":1,"href":"https:\/\/losdelanoche.fr\/index.php\/wp-json\/wp\/v2\/posts\/310\/revisions"}],"predecessor-version":[{"id":311,"href":"https:\/\/losdelanoche.fr\/index.php\/wp-json\/wp\/v2\/posts\/310\/revisions\/311"}],"wp:attachment":[{"href":"https:\/\/losdelanoche.fr\/index.php\/wp-json\/wp\/v2\/media?parent=310"}],"wp:term":[{"taxonomy":"category","embeddable":true,"href":"https:\/\/losdelanoche.fr\/index.php\/wp-json\/wp\/v2\/categories?post=310"},{"taxonomy":"post_tag","embeddable":true,"href":"https:\/\/losdelanoche.fr\/index.php\/wp-json\/wp\/v2\/tags?post=310"}],"curies":[{"name":"wp","href":"https:\/\/api.w.org\/{rel}","templated":true}]}}