{"id":304,"date":"2018-05-26T10:31:11","date_gmt":"2018-05-26T08:31:11","guid":{"rendered":"http:\/\/losdelanoche.fr\/?p=304"},"modified":"2024-11-11T11:21:41","modified_gmt":"2024-11-11T10:21:41","slug":"28-septembre-2018-19h-tango-vivo-tango-argentin-auditorium-de-saint-pol-sur-mer","status":"publish","type":"post","link":"https:\/\/losdelanoche.fr\/index.php\/2018\/05\/26\/28-septembre-2018-19h-tango-vivo-tango-argentin-auditorium-de-saint-pol-sur-mer\/","title":{"rendered":"28 SEPTEMBRE 2018 &#8211; 20h : TANGO VIVO &#8211; Tango Argentin &#8211; Auditorium de SAINT POL SUR MER"},"content":{"rendered":"<p>Un nouveau Projet In\u00e9dit port\u00e9 par David Vasco Nelito : au programme 5 musiciens et des danseurs de Tango Argentin en direct<\/p>\n<p>De Gardel \u00e0 nos jours en passant par Piazzolla et Gotan Project .. un v\u00e9ritable plaisir pour nos oreilles et nos yeux&nbsp;<\/p>\n<div id=\"attachment_352\" style=\"width: 734px\" class=\"wp-caption aligncenter\"><img loading=\"lazy\" decoding=\"async\" aria-describedby=\"caption-attachment-352\" class=\"size-large wp-image-352\" src=\"http:\/\/losdelanoche.fr\/wp-content\/uploads\/2018\/05\/TANGO-VIVO-ST-POL-SUR-MER-2018-724x1024.jpg\" alt=\"\" width=\"724\" height=\"1024\" srcset=\"https:\/\/losdelanoche.fr\/wp-content\/uploads\/2018\/05\/TANGO-VIVO-ST-POL-SUR-MER-2018-724x1024.jpg 724w, https:\/\/losdelanoche.fr\/wp-content\/uploads\/2018\/05\/TANGO-VIVO-ST-POL-SUR-MER-2018-212x300.jpg 212w, https:\/\/losdelanoche.fr\/wp-content\/uploads\/2018\/05\/TANGO-VIVO-ST-POL-SUR-MER-2018-768x1086.jpg 768w, https:\/\/losdelanoche.fr\/wp-content\/uploads\/2018\/05\/TANGO-VIVO-ST-POL-SUR-MER-2018.jpg 1754w\" sizes=\"(max-width: 724px) 100vw, 724px\" \/><p id=\"caption-attachment-352\" class=\"wp-caption-text\">tango argentin lille nord pas de calais picardie dunkerque st pol sur mer<\/p><\/div>\n<p>Infos :&nbsp;http:\/\/ville-saintpolsurmer.fr\/?rub=page23&amp;l=l4&amp;m=m1<\/p>\n<p>Infos sur le spectacle &#8211; contactez le service Culture de Saint Pol Sur Mer 03 28 59 67 69<\/p>\n<p>service.culture@ville-saintpolsurmer.fr<\/p>\n<p>&nbsp;<\/p>\n","protected":false},"excerpt":{"rendered":"<p>Un nouveau Projet In\u00e9dit port\u00e9 par David Vasco Nelito : au programme 5 musiciens et des danseurs de Tango Argentin en direct De Gardel \u00e0 nos jours en passant par Piazzolla et Gotan Project .. un v\u00e9ritable plaisir pour nos oreilles et nos yeux&nbsp; Infos :&nbsp;http:\/\/ville-saintpolsurmer.fr\/?rub=page23&amp;l=l4&amp;m=m1 Infos sur le spectacle [&hellip;]<\/p>\n","protected":false},"author":1,"featured_media":0,"comment_status":"closed","ping_status":"closed","sticky":false,"template":"","format":"standard","meta":{"ngg_post_thumbnail":0,"footnotes":""},"categories":[4],"tags":[66,65,68,64,63,67],"_links":{"self":[{"href":"https:\/\/losdelanoche.fr\/index.php\/wp-json\/wp\/v2\/posts\/304"}],"collection":[{"href":"https:\/\/losdelanoche.fr\/index.php\/wp-json\/wp\/v2\/posts"}],"about":[{"href":"https:\/\/losdelanoche.fr\/index.php\/wp-json\/wp\/v2\/types\/post"}],"author":[{"embeddable":true,"href":"https:\/\/losdelanoche.fr\/index.php\/wp-json\/wp\/v2\/users\/1"}],"replies":[{"embeddable":true,"href":"https:\/\/losdelanoche.fr\/index.php\/wp-json\/wp\/v2\/comments?post=304"}],"version-history":[{"count":4,"href":"https:\/\/losdelanoche.fr\/index.php\/wp-json\/wp\/v2\/posts\/304\/revisions"}],"predecessor-version":[{"id":355,"href":"https:\/\/losdelanoche.fr\/index.php\/wp-json\/wp\/v2\/posts\/304\/revisions\/355"}],"wp:attachment":[{"href":"https:\/\/losdelanoche.fr\/index.php\/wp-json\/wp\/v2\/media?parent=304"}],"wp:term":[{"taxonomy":"category","embeddable":true,"href":"https:\/\/losdelanoche.fr\/index.php\/wp-json\/wp\/v2\/categories?post=304"},{"taxonomy":"post_tag","embeddable":true,"href":"https:\/\/losdelanoche.fr\/index.php\/wp-json\/wp\/v2\/tags?post=304"}],"curies":[{"name":"wp","href":"https:\/\/api.w.org\/{rel}","templated":true}]}}