{"id":270,"date":"2017-10-29T23:27:42","date_gmt":"2017-10-29T22:27:42","guid":{"rendered":"http:\/\/losdelanoche.fr\/?p=270"},"modified":"2024-11-11T11:19:07","modified_gmt":"2024-11-11T10:19:07","slug":"soiree-espagnole-flamenco-lomme-lille-los-de-la-noche-duo-estrella-nelito","status":"publish","type":"post","link":"https:\/\/losdelanoche.fr\/index.php\/2017\/10\/29\/soiree-espagnole-flamenco-lomme-lille-los-de-la-noche-duo-estrella-nelito\/","title":{"rendered":"Soir\u00e9e Espagnole Flamenco \u00e0 Lomme Lille Los de la Noche Duo Estrella &#038; Nelito"},"content":{"rendered":"<p><div id=\"attachment_271\" style=\"width: 739px\" class=\"wp-caption aligncenter\"><img loading=\"lazy\" decoding=\"async\" aria-describedby=\"caption-attachment-271\" src=\"http:\/\/losdelanoche.fr\/wp-content\/uploads\/2017\/10\/17-11-04-LDLN-Soir\u00e9e-espagnole-LOMME-729x1024.jpg\" alt=\"Soir\u00e9e espagnole flamenco lille LOMME\" width=\"729\" height=\"1024\" class=\"size-large wp-image-271\" srcset=\"https:\/\/losdelanoche.fr\/wp-content\/uploads\/2017\/10\/17-11-04-LDLN-Soir\u00e9e-espagnole-LOMME-729x1024.jpg 729w, https:\/\/losdelanoche.fr\/wp-content\/uploads\/2017\/10\/17-11-04-LDLN-Soir\u00e9e-espagnole-LOMME-214x300.jpg 214w, https:\/\/losdelanoche.fr\/wp-content\/uploads\/2017\/10\/17-11-04-LDLN-Soir\u00e9e-espagnole-LOMME-768x1079.jpg 768w, https:\/\/losdelanoche.fr\/wp-content\/uploads\/2017\/10\/17-11-04-LDLN-Soir\u00e9e-espagnole-LOMME.jpg 1768w\" sizes=\"(max-width: 729px) 100vw, 729px\" \/><p id=\"caption-attachment-271\" class=\"wp-caption-text\"><\/p>\n<p>Soir\u00e9e espagnole flamenco lille LOMME<\/p><\/div>Soir\u00e9e Espagnole organis\u00e9e par le comit\u00e9 de D\u00e9livrance avec concert-Spectacle du Duo Los De La Noche Estrella la Peli de Linares &#038; David vasco Nelito.<br \/>\n15\u20ac (Sangria + Paella + Dessert)<br \/>\nr\u00e9servation : 03.20.22.07.02 ou 03.20.22.13.32<br \/>\nFlamenco Lille Nord losdelanoche.fr<\/p>\n","protected":false},"excerpt":{"rendered":"<p>Soir\u00e9e Espagnole organis\u00e9e par le comit\u00e9 de D\u00e9livrance avec concert-Spectacle du Duo Los De La Noche Estrella la Peli de Linares &#038; David vasco Nelito. 15\u20ac (Sangria + Paella + Dessert) r\u00e9servation : 03.20.22.07.02 ou 03.20.22.13.32 Flamenco Lille Nord losdelanoche.fr<\/p>\n","protected":false},"author":1,"featured_media":0,"comment_status":"closed","ping_status":"closed","sticky":false,"template":"","format":"standard","meta":{"ngg_post_thumbnail":0,"footnotes":""},"categories":[1],"tags":[41,5,6,35,9,10,42,43],"_links":{"self":[{"href":"https:\/\/losdelanoche.fr\/index.php\/wp-json\/wp\/v2\/posts\/270"}],"collection":[{"href":"https:\/\/losdelanoche.fr\/index.php\/wp-json\/wp\/v2\/posts"}],"about":[{"href":"https:\/\/losdelanoche.fr\/index.php\/wp-json\/wp\/v2\/types\/post"}],"author":[{"embeddable":true,"href":"https:\/\/losdelanoche.fr\/index.php\/wp-json\/wp\/v2\/users\/1"}],"replies":[{"embeddable":true,"href":"https:\/\/losdelanoche.fr\/index.php\/wp-json\/wp\/v2\/comments?post=270"}],"version-history":[{"count":1,"href":"https:\/\/losdelanoche.fr\/index.php\/wp-json\/wp\/v2\/posts\/270\/revisions"}],"predecessor-version":[{"id":272,"href":"https:\/\/losdelanoche.fr\/index.php\/wp-json\/wp\/v2\/posts\/270\/revisions\/272"}],"wp:attachment":[{"href":"https:\/\/losdelanoche.fr\/index.php\/wp-json\/wp\/v2\/media?parent=270"}],"wp:term":[{"taxonomy":"category","embeddable":true,"href":"https:\/\/losdelanoche.fr\/index.php\/wp-json\/wp\/v2\/categories?post=270"},{"taxonomy":"post_tag","embeddable":true,"href":"https:\/\/losdelanoche.fr\/index.php\/wp-json\/wp\/v2\/tags?post=270"}],"curies":[{"name":"wp","href":"https:\/\/api.w.org\/{rel}","templated":true}]}}